{"id":46890,"date":"2023-01-27T17:29:36","date_gmt":"2023-01-27T16:29:36","guid":{"rendered":"https:\/\/sscvl.fr\/?p=46890"},"modified":"2023-01-27T17:29:37","modified_gmt":"2023-01-27T16:29:37","slug":"calendrier-previsionnel-des-sorties-scvl","status":"publish","type":"post","link":"https:\/\/sscvl.fr\/?p=46890","title":{"rendered":"Calendrier Pr\u00e9visionnel des sorties SCVL"},"content":{"rendered":"\n<p><mark style=\"background-color:rgba(0, 0, 0, 0)\" class=\"has-inline-color has-vivid-green-cyan-color\"><strong>Mise \u00e0 jour du 27\/01\/2023<\/strong><\/mark><\/p>\n\n\n\n<p>nous avons le plaisir de vous transmettre le calendrier pr\u00e9visionnel des sorties pour la fin de la saison de ski au SCVL.<\/p>\n\n\n\n<p><strong><u>Pour l&rsquo;ensemble des licenci\u00e9s :<\/u><\/strong><\/p>\n\n\n\n<figure class=\"wp-block-table\"><table class=\"has-fixed-layout\"><tbody><tr><td class=\"has-text-align-center\" data-align=\"center\">Date<\/td><td class=\"has-text-align-center\" data-align=\"center\">Lieu<\/td><td class=\"has-text-align-center\" data-align=\"center\">Commentaire<\/td><\/tr><tr><td class=\"has-text-align-center\" data-align=\"center\">Samedi 4 F\u00e9vrier<\/td><td class=\"has-text-align-center\" data-align=\"center\">Isola 2000<\/td><td class=\"has-text-align-center\" data-align=\"center\">&nbsp;<\/td><\/tr><tr><td class=\"has-text-align-center\" data-align=\"center\">Samedi 11 F\u00e9vrier<\/td><td class=\"has-text-align-center\" data-align=\"center\">Isola 2000<\/td><td class=\"has-text-align-center\" data-align=\"center\">1er week-end des vacances scolaires<\/td><\/tr><tr><td class=\"has-text-align-center\" data-align=\"center\">Samedi 4 Mars<\/td><td class=\"has-text-align-center\" data-align=\"center\">Isola 2000<\/td><td class=\"has-text-align-center\" data-align=\"center\">&nbsp;<\/td><\/tr><tr><td class=\"has-text-align-center\" data-align=\"center\">Samedi 11 Mars<\/td><td class=\"has-text-align-center\" data-align=\"center\">Isola 2000<\/td><td class=\"has-text-align-center\" data-align=\"center\">&nbsp;<\/td><\/tr><tr><td class=\"has-text-align-center\" data-align=\"center\"><strong><s>Samedi 18 Mars<\/s><\/strong><\/td><td class=\"has-text-align-center\" data-align=\"center\"><strong>Pas de sortie pr\u00e9vue<\/strong><\/td><td class=\"has-text-align-center\" data-align=\"center\">Le club est en d\u00e9placement aux championnats de France<\/td><\/tr><tr><td class=\"has-text-align-center\" data-align=\"center\">Samedi 25 Mars<\/td><td class=\"has-text-align-center\" data-align=\"center\">Auron<\/td><td class=\"has-text-align-center\" data-align=\"center\">Journ\u00e9e Parents\/Enfants<\/td><\/tr><tr><td class=\"has-text-align-center\" data-align=\"center\">Samedi 1er Avril<\/td><td class=\"has-text-align-center\" data-align=\"center\">Isola 2000<\/td><td class=\"has-text-align-center\" data-align=\"center\">Passage des \u00c9toiles<\/td><\/tr><\/tbody><\/table><\/figure>\n\n\n\n<p><strong><span style=\"text-decoration: underline;\">Pour les dates des comp\u00e9titions,<\/span><\/strong><\/p>\n\n\n\n<figure class=\"wp-block-table\"><table><tbody><tr><td class=\"has-text-align-center\" data-align=\"center\">Date<\/td><td class=\"has-text-align-center\" data-align=\"center\">Lieu<\/td><td class=\"has-text-align-center\" data-align=\"center\">Type<\/td><\/tr><tr><td class=\"has-text-align-center\" data-align=\"center\">Dimanche 5 F\u00e9vrier<\/td><td class=\"has-text-align-center\" data-align=\"center\">Auron<\/td><td class=\"has-text-align-center\" data-align=\"center\">Carnaval des Neiges, G\u00e9ant 1 Manche D\u00e9guis\u00e9<\/td><\/tr><tr><td class=\"has-text-align-center\" data-align=\"center\">Samedi 11 Mars<\/td><td class=\"has-text-align-center\" data-align=\"center\">Isola 2000<\/td><td class=\"has-text-align-center\" data-align=\"center\">Slalom Sp\u00e9cial en 2 manches<\/td><\/tr><tr><td class=\"has-text-align-center\" data-align=\"center\">Dimanche 12 Mars<\/td><td class=\"has-text-align-center\" data-align=\"center\">Auron<\/td><td class=\"has-text-align-center\" data-align=\"center\">\u00c9preuve du Chamois avec l&rsquo;ESF (+ entrainement Slalom)<\/td><\/tr><tr><td class=\"has-text-align-center\" data-align=\"center\">Week-end 17-19 Mars<\/td><td class=\"has-text-align-center\" data-align=\"center\">Val Cenis<\/td><td class=\"has-text-align-center\" data-align=\"center\">Championnats de France FSGT<\/td><\/tr><tr><td class=\"has-text-align-center\" data-align=\"center\">Samedi 25 Mars<\/td><td class=\"has-text-align-center\" data-align=\"center\">Auron<\/td><td class=\"has-text-align-center\" data-align=\"center\">Parall\u00e8le de cl\u00f4ture<\/td><\/tr><\/tbody><\/table><\/figure>\n\n\n\n<p>La sortie du samedi 18 Mars <strong><u>n&rsquo;est pas pr\u00e9vue <\/u><\/strong>au calendrier pour cause de d\u00e9placement du club aux championnats de France<\/p>\n\n\n\n<p>Sportivement,<\/p>\n\n\n\n<p>Le SCVL !<\/p>\n","protected":false},"excerpt":{"rendered":"<p>Mise \u00e0 jour du 27\/01\/2023 nous avons le plaisir de vous transmettre le calendrier pr\u00e9visionnel des sorties pour la fin de la saison de ski au SCVL. Pour l&rsquo;ensemble des licenci\u00e9s : Date Lieu Commentaire Samedi 4 F\u00e9vrier Isola 2000 &nbsp; Samedi 11 F\u00e9vrier Isola 2000 1er week-end des vacances scolaires Samedi 4 Mars Isola &hellip; <\/p>\n<p class=\"link-more\"><a href=\"https:\/\/sscvl.fr\/?p=46890\" class=\"more-link\">Continuer la lecture<span class=\"screen-reader-text\"> de &laquo;&nbsp;Calendrier Pr\u00e9visionnel des sorties SCVL&nbsp;&raquo;<\/span><\/a><\/p>\n","protected":false},"author":4,"featured_media":0,"comment_status":"closed","ping_status":"closed","sticky":false,"template":"","format":"standard","meta":{"_exactmetrics_skip_tracking":false,"_exactmetrics_sitenote_active":false,"_exactmetrics_sitenote_note":"","_exactmetrics_sitenote_category":0,"jetpack_post_was_ever_published":false,"_jetpack_newsletter_access":"","footnotes":""},"categories":[1],"tags":[],"aioseo_notices":[],"jetpack_featured_media_url":"","jetpack_sharing_enabled":true,"jetpack_shortlink":"https:\/\/wp.me\/p9mZxG-cci","jetpack_likes_enabled":true,"jetpack-related-posts":[{"id":47116,"url":"https:\/\/sscvl.fr\/?p=47116","url_meta":{"origin":46890,"position":0},"title":"Calendrier de fin de saison 2023-2024 \u00e0 Isola 2000","author":"Maxence Maillot","date":"4 f\u00e9vrier 2024","format":false,"excerpt":"Bonjour \u00e0 tous. Vous trouverez ci-apr\u00e8s le calendrier pr\u00e9visionnel pour la fin de saison sur Isola 2000. Le tout \u00e9videmment sous r\u00e9serve d'enneigement... Samedi 10 F\u00e9vrier Samedi 17 F\u00e9vrier Dimanche 18 F\u00e9vrier : carnaval des neiges (course d\u00e9guis\u00e9e) ouverte aux 3\u00e8me \u00e9toile. Samedi 9 Mars Samedi 23 Mars Samedi 30\u2026","rel":"","context":"Dans &quot;Non class\u00e9&quot;","block_context":{"text":"Non class\u00e9","link":"https:\/\/sscvl.fr\/?cat=1"},"img":{"alt_text":"","src":"","width":0,"height":0},"classes":[]},{"id":763,"url":"https:\/\/sscvl.fr\/?p=763","url_meta":{"origin":46890,"position":1},"title":"Conditions d&rsquo;acc\u00e8s aux remont\u00e9es m\u00e9caniques : Hiver 2020\/2021","author":"Maxence Maillot","date":"7 f\u00e9vrier 2021","format":false,"excerpt":"Le d\u00e9cret 2020-1519 du 4 d\u00e9cembre 2020 a limit\u00e9 l'acc\u00e8s aux remont\u00e9es m\u00e9caniques \u00e0 certaines cat\u00e9gories de pratiquants, en particulier les professionnels dans l'exercice de leurs activit\u00e9s et les mineurs licenci\u00e9s au sein d'associations sportives affili\u00e9es \u00e0 la F\u00e9d\u00e9ration Fran\u00e7aise de Ski. Pour le SCVL, o\u00f9 l'encadrement est assur\u00e9 par\u2026","rel":"","context":"Dans &quot;Non class\u00e9&quot;","block_context":{"text":"Non class\u00e9","link":"https:\/\/sscvl.fr\/?cat=1"},"img":{"alt_text":"","src":"","width":0,"height":0},"classes":[]},{"id":47001,"url":"https:\/\/sscvl.fr\/?p=47001","url_meta":{"origin":46890,"position":2},"title":"R\u00e8glement du SCVL. Saison 2023-204.","author":"Maxence Maillot","date":"6 septembre 2023","format":false,"excerpt":"Bonjour \u00e0 tous. Alors que les inscriptions seront bient\u00f4t ouvertes, nous avons le plaisir de vous transmettre le r\u00e8glement du SCVL, tel qu'il a \u00e9t\u00e9 discut\u00e9 \u00e0 l'AG. Pas de grandes nouveaut\u00e9s, mais quelques rappels utiles pour bien pr\u00e9parer la saison sur les pistes ! R\u00e8glement int\u00e9rieur du SCVLT\u00e9l\u00e9charger","rel":"","context":"Dans &quot;Non class\u00e9&quot;","block_context":{"text":"Non class\u00e9","link":"https:\/\/sscvl.fr\/?cat=1"},"img":{"alt_text":"","src":"","width":0,"height":0},"classes":[]},{"id":653,"url":"https:\/\/sscvl.fr\/?p=653","url_meta":{"origin":46890,"position":3},"title":"e-Bourse aux Skis 2020","author":"Maxence Maillot","date":"11 novembre 2020","format":false,"excerpt":"En raison du confinement, nous sommes dans l'obligation d'annuler notre traditionnelle bourse aux skis. Cependant, avec notre partenaire INTERSPORT \u00e0 Villeneuve-Loubet, nous vous proposons de vous \u00e9quiper avec du mat\u00e9riel neuf \u00e0 prix r\u00e9duits. Pour ce faire, adressez-nous un e-mail (sscvl06270@gmail.com) avec vos coordonn\u00e9es t\u00e9l\u00e9phoniques et la liste des articles\u2026","rel":"","context":"Dans &quot;Non class\u00e9&quot;","block_context":{"text":"Non class\u00e9","link":"https:\/\/sscvl.fr\/?cat=1"},"img":{"alt_text":"","src":"","width":0,"height":0},"classes":[]},{"id":46936,"url":"https:\/\/sscvl.fr\/?p=46936","url_meta":{"origin":46890,"position":4},"title":"Journ\u00e9e Parents\/Enfants du samedi 25 Mars 2023","author":"Maxence Maillot","date":"19 mars 2023","format":false,"excerpt":"Bonjour \u00e0 tous, Vous trouverez dans cet article quelques pr\u00e9cisions concernant notre journ\u00e9e\u00a0parents\/enfants\u00a0du 25 Mars 2023. Le lieu :\u00a0la sortie est pr\u00e9vue \u00e0 Auron, o\u00f9 aura lieu la derni\u00e8re comp\u00e9tition de la saison (un g\u00e9ant parall\u00e8le par \u00e9quipes). L'encadrement : L'encadrement des licenci\u00e9s du club sera assur\u00e9 par les moniteurs\u2026","rel":"","context":"Dans &quot;Non class\u00e9&quot;","block_context":{"text":"Non class\u00e9","link":"https:\/\/sscvl.fr\/?cat=1"},"img":{"alt_text":"","src":"","width":0,"height":0},"classes":[]},{"id":46954,"url":"https:\/\/sscvl.fr\/?p=46954","url_meta":{"origin":46890,"position":5},"title":"Passage des \u00e9toiles 2023","author":"Maxence Maillot","date":"26 mars 2023","format":false,"excerpt":"Bonjour \u00e0 tous, la derni\u00e8re sortie de la saison aura lieu ce samedi 1er avril \u00e0 Isola. Nous y ferons passer les \u00e9toiles avec l'ESF. Les modalit\u00e9s sont les suivantes : Passage des \u00e9toiles avec l'ESF \u00e0 16 euros (incluant le passage et la m\u00e9daille remise lors de l'AG). Pr\u00e9voyez\u2026","rel":"","context":"Dans &quot;Non class\u00e9&quot;","block_context":{"text":"Non class\u00e9","link":"https:\/\/sscvl.fr\/?cat=1"},"img":{"alt_text":"","src":"","width":0,"height":0},"classes":[]}],"_links":{"self":[{"href":"https:\/\/sscvl.fr\/index.php?rest_route=\/wp\/v2\/posts\/46890"}],"collection":[{"href":"https:\/\/sscvl.fr\/index.php?rest_route=\/wp\/v2\/posts"}],"about":[{"href":"https:\/\/sscvl.fr\/index.php?rest_route=\/wp\/v2\/types\/post"}],"author":[{"embeddable":true,"href":"https:\/\/sscvl.fr\/index.php?rest_route=\/wp\/v2\/users\/4"}],"replies":[{"embeddable":true,"href":"https:\/\/sscvl.fr\/index.php?rest_route=%2Fwp%2Fv2%2Fcomments&post=46890"}],"version-history":[{"count":2,"href":"https:\/\/sscvl.fr\/index.php?rest_route=\/wp\/v2\/posts\/46890\/revisions"}],"predecessor-version":[{"id":46892,"href":"https:\/\/sscvl.fr\/index.php?rest_route=\/wp\/v2\/posts\/46890\/revisions\/46892"}],"wp:attachment":[{"href":"https:\/\/sscvl.fr\/index.php?rest_route=%2Fwp%2Fv2%2Fmedia&parent=46890"}],"wp:term":[{"taxonomy":"category","embeddable":true,"href":"https:\/\/sscvl.fr\/index.php?rest_route=%2Fwp%2Fv2%2Fcategories&post=46890"},{"taxonomy":"post_tag","embeddable":true,"href":"https:\/\/sscvl.fr\/index.php?rest_route=%2Fwp%2Fv2%2Ftags&post=46890"}],"curies":[{"name":"wp","href":"https:\/\/api.w.org\/{rel}","templated":true}]}}