{"id":47001,"date":"2023-09-06T20:30:06","date_gmt":"2023-09-06T18:30:06","guid":{"rendered":"https:\/\/sscvl.fr\/?p=47001"},"modified":"2023-09-06T20:30:07","modified_gmt":"2023-09-06T18:30:07","slug":"reglement-du-scvl-saison-2023-204","status":"publish","type":"post","link":"https:\/\/sscvl.fr\/?p=47001","title":{"rendered":"R\u00e8glement du SCVL. Saison 2023-204."},"content":{"rendered":"\n<p>Bonjour \u00e0 tous. Alors que les inscriptions seront bient\u00f4t ouvertes, nous avons le plaisir de vous transmettre <strong><mark style=\"background-color:rgba(0, 0, 0, 0)\" class=\"has-inline-color has-vivid-cyan-blue-color\">le r\u00e8glement du SCVL<\/mark><\/strong>, tel qu&rsquo;il a \u00e9t\u00e9 discut\u00e9 \u00e0 l&rsquo;AG. Pas de grandes nouveaut\u00e9s, mais quelques rappels utiles pour bien pr\u00e9parer la saison sur les pistes !<\/p>\n\n\n\n<div class=\"wp-block-file\"><object class=\"wp-block-file__embed\" data=\"https:\/\/sscvl.fr\/wp-content\/uploads\/2023\/09\/Reglement-interieur-du-SCVL.pdf\" type=\"application\/pdf\" style=\"width:100%;height:600px\" aria-label=\"Contenu embarqu\u00e9 R\u00e8glement int\u00e9rieur du SCVL.\"><\/object><a id=\"wp-block-file--media-dd09e919-d6e8-4d2c-8f8f-f3482ab6a165\" href=\"https:\/\/sscvl.fr\/wp-content\/uploads\/2023\/09\/Reglement-interieur-du-SCVL.pdf\">R\u00e8glement int\u00e9rieur du SCVL<\/a><a href=\"https:\/\/sscvl.fr\/wp-content\/uploads\/2023\/09\/Reglement-interieur-du-SCVL.pdf\" class=\"wp-block-file__button wp-element-button\" download aria-describedby=\"wp-block-file--media-dd09e919-d6e8-4d2c-8f8f-f3482ab6a165\">T\u00e9l\u00e9charger<\/a><\/div>\n","protected":false},"excerpt":{"rendered":"<p>Bonjour \u00e0 tous. Alors que les inscriptions seront bient\u00f4t ouvertes, nous avons le plaisir de vous transmettre le r\u00e8glement du SCVL, tel qu&rsquo;il a \u00e9t\u00e9 discut\u00e9 \u00e0 l&rsquo;AG. Pas de grandes nouveaut\u00e9s, mais quelques rappels utiles pour bien pr\u00e9parer la saison sur les pistes !<\/p>\n","protected":false},"author":4,"featured_media":0,"comment_status":"closed","ping_status":"closed","sticky":false,"template":"","format":"standard","meta":{"_exactmetrics_skip_tracking":false,"_exactmetrics_sitenote_active":false,"_exactmetrics_sitenote_note":"","_exactmetrics_sitenote_category":0,"jetpack_post_was_ever_published":false,"_jetpack_newsletter_access":"","footnotes":""},"categories":[1],"tags":[],"aioseo_notices":[],"jetpack_featured_media_url":"","jetpack_sharing_enabled":true,"jetpack_shortlink":"https:\/\/wp.me\/p9mZxG-ce5","jetpack_likes_enabled":true,"jetpack-related-posts":[{"id":46890,"url":"https:\/\/sscvl.fr\/?p=46890","url_meta":{"origin":47001,"position":0},"title":"Calendrier Pr\u00e9visionnel des sorties SCVL","author":"Maxence Maillot","date":"27 janvier 2023","format":false,"excerpt":"Mise \u00e0 jour du 27\/01\/2023 nous avons le plaisir de vous transmettre le calendrier pr\u00e9visionnel des sorties pour la fin de la saison de ski au SCVL. Pour l'ensemble des licenci\u00e9s : DateLieuCommentaireSamedi 4 F\u00e9vrierIsola 2000\u00a0Samedi 11 F\u00e9vrierIsola 20001er week-end des vacances scolairesSamedi 4 MarsIsola 2000\u00a0Samedi 11 MarsIsola 2000\u00a0Samedi 18\u2026","rel":"","context":"Dans &quot;Non class\u00e9&quot;","block_context":{"text":"Non class\u00e9","link":"https:\/\/sscvl.fr\/?cat=1"},"img":{"alt_text":"","src":"","width":0,"height":0},"classes":[]},{"id":47116,"url":"https:\/\/sscvl.fr\/?p=47116","url_meta":{"origin":47001,"position":1},"title":"Calendrier de fin de saison 2023-2024 \u00e0 Isola 2000","author":"Maxence Maillot","date":"4 f\u00e9vrier 2024","format":false,"excerpt":"Bonjour \u00e0 tous. Vous trouverez ci-apr\u00e8s le calendrier pr\u00e9visionnel pour la fin de saison sur Isola 2000. Le tout \u00e9videmment sous r\u00e9serve d'enneigement... Samedi 10 F\u00e9vrier Samedi 17 F\u00e9vrier Dimanche 18 F\u00e9vrier : carnaval des neiges (course d\u00e9guis\u00e9e) ouverte aux 3\u00e8me \u00e9toile. Samedi 9 Mars Samedi 23 Mars Samedi 30\u2026","rel":"","context":"Dans &quot;Non class\u00e9&quot;","block_context":{"text":"Non class\u00e9","link":"https:\/\/sscvl.fr\/?cat=1"},"img":{"alt_text":"","src":"","width":0,"height":0},"classes":[]},{"id":46936,"url":"https:\/\/sscvl.fr\/?p=46936","url_meta":{"origin":47001,"position":2},"title":"Journ\u00e9e Parents\/Enfants du samedi 25 Mars 2023","author":"Maxence Maillot","date":"19 mars 2023","format":false,"excerpt":"Bonjour \u00e0 tous, Vous trouverez dans cet article quelques pr\u00e9cisions concernant notre journ\u00e9e\u00a0parents\/enfants\u00a0du 25 Mars 2023. Le lieu :\u00a0la sortie est pr\u00e9vue \u00e0 Auron, o\u00f9 aura lieu la derni\u00e8re comp\u00e9tition de la saison (un g\u00e9ant parall\u00e8le par \u00e9quipes). L'encadrement : L'encadrement des licenci\u00e9s du club sera assur\u00e9 par les moniteurs\u2026","rel":"","context":"Dans &quot;Non class\u00e9&quot;","block_context":{"text":"Non class\u00e9","link":"https:\/\/sscvl.fr\/?cat=1"},"img":{"alt_text":"","src":"","width":0,"height":0},"classes":[]},{"id":763,"url":"https:\/\/sscvl.fr\/?p=763","url_meta":{"origin":47001,"position":3},"title":"Conditions d&rsquo;acc\u00e8s aux remont\u00e9es m\u00e9caniques : Hiver 2020\/2021","author":"Maxence Maillot","date":"7 f\u00e9vrier 2021","format":false,"excerpt":"Le d\u00e9cret 2020-1519 du 4 d\u00e9cembre 2020 a limit\u00e9 l'acc\u00e8s aux remont\u00e9es m\u00e9caniques \u00e0 certaines cat\u00e9gories de pratiquants, en particulier les professionnels dans l'exercice de leurs activit\u00e9s et les mineurs licenci\u00e9s au sein d'associations sportives affili\u00e9es \u00e0 la F\u00e9d\u00e9ration Fran\u00e7aise de Ski. Pour le SCVL, o\u00f9 l'encadrement est assur\u00e9 par\u2026","rel":"","context":"Dans &quot;Non class\u00e9&quot;","block_context":{"text":"Non class\u00e9","link":"https:\/\/sscvl.fr\/?cat=1"},"img":{"alt_text":"","src":"","width":0,"height":0},"classes":[]},{"id":47167,"url":"https:\/\/sscvl.fr\/?p=47167","url_meta":{"origin":47001,"position":4},"title":"Journ\u00e9e Parents\/Enfants du 13 Avril 2024 \u00e0 Isola 2000","author":"Maxence Maillot","date":"7 avril 2024","format":false,"excerpt":"Bonjour \u00e0 tous, Vous trouverez dans cet article quelques pr\u00e9cisions concernant notre journ\u00e9e\u00a0parents\/enfants\u00a0du 13 Avril 2024. Le lieu :\u00a0la sortie est pr\u00e9vue \u00e0 Isola 2000. La restauration : la station ferme dimanche et le restaurateur ne pourra donc pas nous accueillir. Exceptionnellement, pr\u00e9voyez un picnic et un petit sac \u00e0\u2026","rel":"","context":"Dans &quot;Non class\u00e9&quot;","block_context":{"text":"Non class\u00e9","link":"https:\/\/sscvl.fr\/?cat=1"},"img":{"alt_text":"","src":"","width":0,"height":0},"classes":[]},{"id":46954,"url":"https:\/\/sscvl.fr\/?p=46954","url_meta":{"origin":47001,"position":5},"title":"Passage des \u00e9toiles 2023","author":"Maxence Maillot","date":"26 mars 2023","format":false,"excerpt":"Bonjour \u00e0 tous, la derni\u00e8re sortie de la saison aura lieu ce samedi 1er avril \u00e0 Isola. Nous y ferons passer les \u00e9toiles avec l'ESF. Les modalit\u00e9s sont les suivantes : Passage des \u00e9toiles avec l'ESF \u00e0 16 euros (incluant le passage et la m\u00e9daille remise lors de l'AG). Pr\u00e9voyez\u2026","rel":"","context":"Dans &quot;Non class\u00e9&quot;","block_context":{"text":"Non class\u00e9","link":"https:\/\/sscvl.fr\/?cat=1"},"img":{"alt_text":"","src":"","width":0,"height":0},"classes":[]}],"_links":{"self":[{"href":"https:\/\/sscvl.fr\/index.php?rest_route=\/wp\/v2\/posts\/47001"}],"collection":[{"href":"https:\/\/sscvl.fr\/index.php?rest_route=\/wp\/v2\/posts"}],"about":[{"href":"https:\/\/sscvl.fr\/index.php?rest_route=\/wp\/v2\/types\/post"}],"author":[{"embeddable":true,"href":"https:\/\/sscvl.fr\/index.php?rest_route=\/wp\/v2\/users\/4"}],"replies":[{"embeddable":true,"href":"https:\/\/sscvl.fr\/index.php?rest_route=%2Fwp%2Fv2%2Fcomments&post=47001"}],"version-history":[{"count":2,"href":"https:\/\/sscvl.fr\/index.php?rest_route=\/wp\/v2\/posts\/47001\/revisions"}],"predecessor-version":[{"id":47004,"href":"https:\/\/sscvl.fr\/index.php?rest_route=\/wp\/v2\/posts\/47001\/revisions\/47004"}],"wp:attachment":[{"href":"https:\/\/sscvl.fr\/index.php?rest_route=%2Fwp%2Fv2%2Fmedia&parent=47001"}],"wp:term":[{"taxonomy":"category","embeddable":true,"href":"https:\/\/sscvl.fr\/index.php?rest_route=%2Fwp%2Fv2%2Fcategories&post=47001"},{"taxonomy":"post_tag","embeddable":true,"href":"https:\/\/sscvl.fr\/index.php?rest_route=%2Fwp%2Fv2%2Ftags&post=47001"}],"curies":[{"name":"wp","href":"https:\/\/api.w.org\/{rel}","templated":true}]}}