{"id":47005,"date":"2023-09-06T20:45:03","date_gmt":"2023-09-06T18:45:03","guid":{"rendered":"https:\/\/sscvl.fr\/?p=47005"},"modified":"2023-09-06T20:45:05","modified_gmt":"2023-09-06T18:45:05","slug":"certificat-medical-pour-la-saison-2023-204","status":"publish","type":"post","link":"https:\/\/sscvl.fr\/?p=47005","title":{"rendered":"Certificat M\u00e9dical pour la saison 2023-204"},"content":{"rendered":"\n<p>Enfin la grande simplification pour les certificats m\u00e9dicaux ! <strong><mark style=\"background-color:rgba(0, 0, 0, 0)\" class=\"has-inline-color has-vivid-red-color\">Il n&rsquo;est plus obligatoire et peut dans la plupart des cas \u00eatre remplac\u00e9 par une simple attestation sur l&rsquo;honneur,<\/mark><\/strong> que vous pouvez t\u00e9l\u00e9charger et remplir <mark style=\"background-color:rgba(0, 0, 0, 0)\" class=\"has-inline-color has-pale-cyan-blue-color\"><a href=\"https:\/\/sscvl.fr\/wp-content\/uploads\/2023\/09\/Attestation_Certificat_Medical_SSCVL.pdf\" target=\"_blank\" rel=\"noopener\" title=\"Attestation_Certificat_Medical_SSCVL\">ici<\/a><\/mark>. Cette attestation est \u00e0 fournir au moment de l&rsquo;inscription dans la bo\u00eete aux lettres du club (Ecole St Georges, Avenue de la Libert\u00e9, Villeneuve-Loubet). Voil\u00e0 les cas de figures.<\/p>\n\n\n\n<p class=\"has-text-align-center\"><mark style=\"background-color:#7bdcb5\" class=\"has-inline-color has-black-color\">Pour les licenci\u00e9s mineurs FFS \/ FSGT<\/mark><\/p>\n\n\n\n<ul>\n<li>Si vous \u00eates licenci\u00e9s \u00e0 la FSGT, vous trouverez le questionnaire <mark style=\"background-color:rgba(0, 0, 0, 0)\" class=\"has-inline-color has-vivid-cyan-blue-color\"><a href=\"https:\/\/sscvl.fr\/wp-content\/uploads\/2023\/09\/03-Questionnaire-Sante-Mineurs.pdf\" target=\"_blank\" rel=\"noopener\" title=\"03-Questionnaire-Sante-Mineurs\">ici<\/a><\/mark><\/li>\n\n\n\n<li>Si vous \u00eates licenci\u00e9s \u00e0 la FFS, vous trouverez le questionnaire <a href=\"https:\/\/sscvl.fr\/wp-content\/uploads\/2023\/09\/23-Poster-Questionnaire-Sante-Mineur-2023-2024-A3.pdf\" target=\"_blank\" rel=\"noopener\" title=\"23-Poster-Questionnaire-Sante-Mineur-2023-2024-A3\">ici<\/a><\/li>\n\n\n\n<li><span style=\"text-decoration: underline;\">Note <\/span>: le questionnaire est identique, seul le support de communication change.<\/li>\n<\/ul>\n\n\n\n<p class=\"has-text-align-center\"><mark style=\"background-color:#7bdcb5\" class=\"has-inline-color has-black-color\">Pour les licenci\u00e9s majeurs FFS \/ FSGT<\/mark><\/p>\n\n\n\n<ul>\n<li>Quelle que soit votre f\u00e9d\u00e9ration, le questionnaire est disponible <mark style=\"background-color:rgba(0, 0, 0, 0)\" class=\"has-inline-color has-pale-cyan-blue-color\"><a href=\"https:\/\/www.formulaires.service-public.fr\/gf\/cerfa_15699_01.do;jsessionid=DB14EB173CB0775E9F0C9BEE9C08C9EE.server02\" title=\"\">ici<\/a><\/mark>.<\/li>\n<\/ul>\n","protected":false},"excerpt":{"rendered":"<p>Enfin la grande simplification pour les certificats m\u00e9dicaux ! Il n&rsquo;est plus obligatoire et peut dans la plupart des cas \u00eatre remplac\u00e9 par une simple attestation sur l&rsquo;honneur, que vous pouvez t\u00e9l\u00e9charger et remplir ici. Cette attestation est \u00e0 fournir au moment de l&rsquo;inscription dans la bo\u00eete aux lettres du club (Ecole St Georges, Avenue &hellip; <\/p>\n<p class=\"link-more\"><a href=\"https:\/\/sscvl.fr\/?p=47005\" class=\"more-link\">Continuer la lecture<span class=\"screen-reader-text\"> de &laquo;&nbsp;Certificat M\u00e9dical pour la saison 2023-204&nbsp;&raquo;<\/span><\/a><\/p>\n","protected":false},"author":4,"featured_media":0,"comment_status":"closed","ping_status":"closed","sticky":false,"template":"","format":"standard","meta":{"_exactmetrics_skip_tracking":false,"_exactmetrics_sitenote_active":false,"_exactmetrics_sitenote_note":"","_exactmetrics_sitenote_category":0,"jetpack_post_was_ever_published":false,"_jetpack_newsletter_access":"","footnotes":""},"categories":[1],"tags":[],"aioseo_notices":[],"jetpack_featured_media_url":"","jetpack_sharing_enabled":true,"jetpack_shortlink":"https:\/\/wp.me\/p9mZxG-ce9","jetpack_likes_enabled":true,"jetpack-related-posts":[{"id":787,"url":"https:\/\/sscvl.fr\/?p=787","url_meta":{"origin":47005,"position":0},"title":"Certificat M\u00e9dical : o\u00f9 en sommes-nous?","author":"Maxence Maillot","date":"13 novembre 2021","format":false,"excerpt":"Mise \u00e0 jour du 05\/11\/2022. Voici un r\u00e9sum\u00e9 des derni\u00e8res \u00e9volutions r\u00e8glementaires. Merci de vous rapprocher de nous dans l'\u00e9ventualit\u00e9 o\u00f9 vous constateriez une erreur, afin que nous la corrigions au plus vite. Pour les majeurs : La loi du 26 janvier 2016 dite de \u00ab modernisation du syst\u00e8me de\u2026","rel":"","context":"Dans &quot;Non class\u00e9&quot;","block_context":{"text":"Non class\u00e9","link":"https:\/\/sscvl.fr\/?cat=1"},"img":{"alt_text":"","src":"","width":0,"height":0},"classes":[]},{"id":46936,"url":"https:\/\/sscvl.fr\/?p=46936","url_meta":{"origin":47005,"position":1},"title":"Journ\u00e9e Parents\/Enfants du samedi 25 Mars 2023","author":"Maxence Maillot","date":"19 mars 2023","format":false,"excerpt":"Bonjour \u00e0 tous, Vous trouverez dans cet article quelques pr\u00e9cisions concernant notre journ\u00e9e\u00a0parents\/enfants\u00a0du 25 Mars 2023. Le lieu :\u00a0la sortie est pr\u00e9vue \u00e0 Auron, o\u00f9 aura lieu la derni\u00e8re comp\u00e9tition de la saison (un g\u00e9ant parall\u00e8le par \u00e9quipes). L'encadrement : L'encadrement des licenci\u00e9s du club sera assur\u00e9 par les moniteurs\u2026","rel":"","context":"Dans &quot;Non class\u00e9&quot;","block_context":{"text":"Non class\u00e9","link":"https:\/\/sscvl.fr\/?cat=1"},"img":{"alt_text":"","src":"","width":0,"height":0},"classes":[]},{"id":47167,"url":"https:\/\/sscvl.fr\/?p=47167","url_meta":{"origin":47005,"position":2},"title":"Journ\u00e9e Parents\/Enfants du 13 Avril 2024 \u00e0 Isola 2000","author":"Maxence Maillot","date":"7 avril 2024","format":false,"excerpt":"Bonjour \u00e0 tous, Vous trouverez dans cet article quelques pr\u00e9cisions concernant notre journ\u00e9e\u00a0parents\/enfants\u00a0du 13 Avril 2024. Le lieu :\u00a0la sortie est pr\u00e9vue \u00e0 Isola 2000. La restauration : la station ferme dimanche et le restaurateur ne pourra donc pas nous accueillir. Exceptionnellement, pr\u00e9voyez un picnic et un petit sac \u00e0\u2026","rel":"","context":"Dans &quot;Non class\u00e9&quot;","block_context":{"text":"Non class\u00e9","link":"https:\/\/sscvl.fr\/?cat=1"},"img":{"alt_text":"","src":"","width":0,"height":0},"classes":[]},{"id":763,"url":"https:\/\/sscvl.fr\/?p=763","url_meta":{"origin":47005,"position":3},"title":"Conditions d&rsquo;acc\u00e8s aux remont\u00e9es m\u00e9caniques : Hiver 2020\/2021","author":"Maxence Maillot","date":"7 f\u00e9vrier 2021","format":false,"excerpt":"Le d\u00e9cret 2020-1519 du 4 d\u00e9cembre 2020 a limit\u00e9 l'acc\u00e8s aux remont\u00e9es m\u00e9caniques \u00e0 certaines cat\u00e9gories de pratiquants, en particulier les professionnels dans l'exercice de leurs activit\u00e9s et les mineurs licenci\u00e9s au sein d'associations sportives affili\u00e9es \u00e0 la F\u00e9d\u00e9ration Fran\u00e7aise de Ski. Pour le SCVL, o\u00f9 l'encadrement est assur\u00e9 par\u2026","rel":"","context":"Dans &quot;Non class\u00e9&quot;","block_context":{"text":"Non class\u00e9","link":"https:\/\/sscvl.fr\/?cat=1"},"img":{"alt_text":"","src":"","width":0,"height":0},"classes":[]},{"id":46954,"url":"https:\/\/sscvl.fr\/?p=46954","url_meta":{"origin":47005,"position":4},"title":"Passage des \u00e9toiles 2023","author":"Maxence Maillot","date":"26 mars 2023","format":false,"excerpt":"Bonjour \u00e0 tous, la derni\u00e8re sortie de la saison aura lieu ce samedi 1er avril \u00e0 Isola. Nous y ferons passer les \u00e9toiles avec l'ESF. Les modalit\u00e9s sont les suivantes : Passage des \u00e9toiles avec l'ESF \u00e0 16 euros (incluant le passage et la m\u00e9daille remise lors de l'AG). Pr\u00e9voyez\u2026","rel":"","context":"Dans &quot;Non class\u00e9&quot;","block_context":{"text":"Non class\u00e9","link":"https:\/\/sscvl.fr\/?cat=1"},"img":{"alt_text":"","src":"","width":0,"height":0},"classes":[]},{"id":47146,"url":"https:\/\/sscvl.fr\/?p=47146","url_meta":{"origin":47005,"position":5},"title":"Passage des \u00e9toiles 2024","author":"Maxence Maillot","date":"24 mars 2024","format":false,"excerpt":"Bonjour \u00e0 tous, la prochaine sortie aura lieu\u00a0ce samedi 6 Avril \u00e0 Isola.\u00a0Nous y ferons passer les \u00e9toiles avec l\u2019ESF. Le passage de \u00e9toiles n'est obligatoire : vous pouvez simplement participer \u00e0 la sortie. Les modalit\u00e9s sont les suivantes : Passage des \u00e9toiles avec l\u2019ESF \u00e0 16 euros\u00a0(incluant le passage\u2026","rel":"","context":"Dans &quot;Non class\u00e9&quot;","block_context":{"text":"Non class\u00e9","link":"https:\/\/sscvl.fr\/?cat=1"},"img":{"alt_text":"","src":"","width":0,"height":0},"classes":[]}],"_links":{"self":[{"href":"https:\/\/sscvl.fr\/index.php?rest_route=\/wp\/v2\/posts\/47005"}],"collection":[{"href":"https:\/\/sscvl.fr\/index.php?rest_route=\/wp\/v2\/posts"}],"about":[{"href":"https:\/\/sscvl.fr\/index.php?rest_route=\/wp\/v2\/types\/post"}],"author":[{"embeddable":true,"href":"https:\/\/sscvl.fr\/index.php?rest_route=\/wp\/v2\/users\/4"}],"replies":[{"embeddable":true,"href":"https:\/\/sscvl.fr\/index.php?rest_route=%2Fwp%2Fv2%2Fcomments&post=47005"}],"version-history":[{"count":5,"href":"https:\/\/sscvl.fr\/index.php?rest_route=\/wp\/v2\/posts\/47005\/revisions"}],"predecessor-version":[{"id":47010,"href":"https:\/\/sscvl.fr\/index.php?rest_route=\/wp\/v2\/posts\/47005\/revisions\/47010"}],"wp:attachment":[{"href":"https:\/\/sscvl.fr\/index.php?rest_route=%2Fwp%2Fv2%2Fmedia&parent=47005"}],"wp:term":[{"taxonomy":"category","embeddable":true,"href":"https:\/\/sscvl.fr\/index.php?rest_route=%2Fwp%2Fv2%2Fcategories&post=47005"},{"taxonomy":"post_tag","embeddable":true,"href":"https:\/\/sscvl.fr\/index.php?rest_route=%2Fwp%2Fv2%2Ftags&post=47005"}],"curies":[{"name":"wp","href":"https:\/\/api.w.org\/{rel}","templated":true}]}}