{"id":47167,"date":"2024-04-07T21:14:30","date_gmt":"2024-04-07T19:14:30","guid":{"rendered":"https:\/\/sscvl.fr\/?p=47167"},"modified":"2024-04-07T21:32:18","modified_gmt":"2024-04-07T19:32:18","slug":"journee-parents-enfants-du-13-avril-2024-a-isola-2000","status":"publish","type":"post","link":"https:\/\/sscvl.fr\/?p=47167","title":{"rendered":"Journ\u00e9e Parents\/Enfants du 13 Avril 2024 \u00e0 Isola 2000"},"content":{"rendered":"\n<p>Bonjour \u00e0 tous,<\/p>\n\n\n\n<p>Vous trouverez dans cet article quelques pr\u00e9cisions concernant notre journ\u00e9e&nbsp;<mark style=\"background-color:rgba(0, 0, 0, 0)\" class=\"has-inline-color has-vivid-green-cyan-color\"><strong>parents\/enfants&nbsp;du 13 Avril 2024<\/strong><\/mark>.<\/p>\n\n\n\n<p><span style=\"text-decoration: underline;\"><strong>Le lieu :<\/strong><\/span>&nbsp;la sortie est pr\u00e9vue \u00e0 Isola 2000.<\/p>\n\n\n\n<p><strong><span style=\"text-decoration: underline;\">La restauration : <\/span><\/strong> la station ferme dimanche et le restaurateur ne pourra donc pas nous accueillir. <strong><span style=\"text-decoration: underline;\">Exceptionnellement, pr\u00e9voyez un picnic et un petit sac \u00e0 dos<\/span><\/strong>. N&rsquo;oubliez pas l&rsquo;eau (gourde ou bouteille). Le tarif de la sortie sera 10 euros plus faible.<\/p>\n\n\n\n<p><strong><span style=\"text-decoration: underline;\">L&rsquo;encadrement :<\/span><\/strong><\/p>\n\n\n\n<ul>\n<li>L&rsquo;encadrement <strong>des licenci\u00e9s du club<\/strong> sera assur\u00e9 par les moniteurs du club. Les&nbsp;parents&nbsp;seront les bienvenus dans les diff\u00e9rents groupes.<\/li>\n\n\n\n<li><strong>Les mineurs non licenci\u00e9s du club restent sous la responsabilit\u00e9 de leurs&nbsp;parents<\/strong>. N\u00e9anmoins, ils pourront se joindre&nbsp;<strong>avec leurs&nbsp;parents<\/strong>&nbsp;aux groupes du ski-club.<\/li>\n<\/ul>\n\n\n\n<p><strong><u>Les inscriptions :<\/u><\/strong><\/p>\n\n\n\n<ul>\n<li>pour les licenci\u00e9s du club, c&rsquo;est une sortie \u00ab\u00a0normale\u00a0\u00bb (Pas besoin de venir accompagn\u00e9s par ses parents !). <\/li>\n\n\n\n<li><strong>pour les non licenci\u00e9s\u00a0<u>skieurs\/snowboarders<\/u><\/strong>, le montant est de 35 euros pour les moins de 11 ans, et 40 euros pour les adultes\/ados. L&rsquo;inscription comprend le transport, le forfait et l&rsquo;assurance. Viennoiseries et Picnic en sus. <mark style=\"background-color: rgba(0, 0, 0, 0);\" class=\"has-inline-color has-vivid-red-color\"><b>Inscriptions par ch\u00e8que en pr\u00e9cisant \u00ab\u00a0AVEC FORFAIT\u00a0\u00bb dans le champ de s\u00e9lection des viennoiseries ainsi que votre <\/b><\/mark><strong><mark style=\"background-color:rgba(0, 0, 0, 0)\" class=\"has-inline-color has-vivid-red-color\">date de naissance. R\u00e8glement en esp\u00e8ces ou en ch\u00e8que samedi matin.<\/mark><\/strong><\/li>\n\n\n\n<li><strong>pour les non licenci\u00e9s\u00a0<u>sans forfait<\/u><\/strong>,\u00a0le montant est de 10 euros. L&rsquo;inscription comprend le transport.\u00a0Viennoiseries et Picnic en sus. <mark style=\"\"><mark style=\"background-color: rgb(255, 255, 255);\" class=\"has-inline-color has-vivid-red-color\"><b>Inscriptions par ch\u00e8que en pr\u00e9cisant \u00ab\u00a0MARCHEUR\u00a0\u00bb dans le champ de s\u00e9lection des viennoiseries<\/b><\/mark><\/mark><strong><mark><mark style=\"background-color:#ffffff\" class=\"has-inline-color has-vivid-red-color\">. R\u00e8glement en esp\u00e8ces ou en ch\u00e8que samedi matin.<\/mark><\/mark><\/strong><\/li>\n<\/ul>\n\n\n\n<p><strong><u>L&rsquo;organisation:<\/u><\/strong><\/p>\n\n\n\n<ul>\n<li>Horaires de passage du bus un peu plus t\u00f4t pour profiter de la neige froide : Coll\u00e8ge Rom\u00e9e \u00e0 6h30 ; Saint-Isidore (contre-all\u00e9e Leclerc) \u00e0 7h ; Pont de la Manda \u00e0 7h05.<\/li>\n\n\n\n<li>Arr\u00eat \u00e0 Pont de Clans (boulangerie) : la commande des viennoiseries se fera sur le site internet lors des inscriptions<\/li>\n\n\n\n<li>Repas \u00e0 12h<\/li>\n\n\n\n<li><strong>Go\u00fbter offert au bus \u00e0 15h45<\/strong><\/li>\n\n\n\n<li>D\u00e9part de la station : 16h15.<\/li>\n<\/ul>\n\n\n\n<p>Nous restons \u00e0 votre disposition pour tout compl\u00e9ment d&rsquo;information<\/p>\n\n\n\n<p>Sportivement<\/p>\n","protected":false},"excerpt":{"rendered":"<p>Bonjour \u00e0 tous, Vous trouverez dans cet article quelques pr\u00e9cisions concernant notre journ\u00e9e&nbsp;parents\/enfants&nbsp;du 13 Avril 2024. Le lieu :&nbsp;la sortie est pr\u00e9vue \u00e0 Isola 2000. La restauration : la station ferme dimanche et le restaurateur ne pourra donc pas nous accueillir. Exceptionnellement, pr\u00e9voyez un picnic et un petit sac \u00e0 dos. N&rsquo;oubliez pas l&rsquo;eau (gourde &hellip; <\/p>\n<p class=\"link-more\"><a href=\"https:\/\/sscvl.fr\/?p=47167\" class=\"more-link\">Continuer la lecture<span class=\"screen-reader-text\"> de &laquo;&nbsp;Journ\u00e9e Parents\/Enfants du 13 Avril 2024 \u00e0 Isola 2000&nbsp;&raquo;<\/span><\/a><\/p>\n","protected":false},"author":4,"featured_media":0,"comment_status":"closed","ping_status":"closed","sticky":false,"template":"","format":"standard","meta":{"_exactmetrics_skip_tracking":false,"_exactmetrics_sitenote_active":false,"_exactmetrics_sitenote_note":"","_exactmetrics_sitenote_category":0,"jetpack_post_was_ever_published":false,"_jetpack_newsletter_access":"","footnotes":""},"categories":[1],"tags":[],"aioseo_notices":[],"jetpack_featured_media_url":"","jetpack_sharing_enabled":true,"jetpack_shortlink":"https:\/\/wp.me\/p9mZxG-cgL","jetpack_likes_enabled":true,"jetpack-related-posts":[{"id":47116,"url":"https:\/\/sscvl.fr\/?p=47116","url_meta":{"origin":47167,"position":0},"title":"Calendrier de fin de saison 2023-2024 \u00e0 Isola 2000","author":"Maxence Maillot","date":"4 f\u00e9vrier 2024","format":false,"excerpt":"Bonjour \u00e0 tous. Vous trouverez ci-apr\u00e8s le calendrier pr\u00e9visionnel pour la fin de saison sur Isola 2000. Le tout \u00e9videmment sous r\u00e9serve d'enneigement... Samedi 10 F\u00e9vrier Samedi 17 F\u00e9vrier Dimanche 18 F\u00e9vrier : carnaval des neiges (course d\u00e9guis\u00e9e) ouverte aux 3\u00e8me \u00e9toile. Samedi 9 Mars Samedi 23 Mars Samedi 30\u2026","rel":"","context":"Dans &quot;Non class\u00e9&quot;","block_context":{"text":"Non class\u00e9","link":"https:\/\/sscvl.fr\/?cat=1"},"img":{"alt_text":"","src":"","width":0,"height":0},"classes":[]},{"id":46890,"url":"https:\/\/sscvl.fr\/?p=46890","url_meta":{"origin":47167,"position":1},"title":"Calendrier Pr\u00e9visionnel des sorties SCVL","author":"Maxence Maillot","date":"27 janvier 2023","format":false,"excerpt":"Mise \u00e0 jour du 27\/01\/2023 nous avons le plaisir de vous transmettre le calendrier pr\u00e9visionnel des sorties pour la fin de la saison de ski au SCVL. Pour l'ensemble des licenci\u00e9s : DateLieuCommentaireSamedi 4 F\u00e9vrierIsola 2000\u00a0Samedi 11 F\u00e9vrierIsola 20001er week-end des vacances scolairesSamedi 4 MarsIsola 2000\u00a0Samedi 11 MarsIsola 2000\u00a0Samedi 18\u2026","rel":"","context":"Dans &quot;Non class\u00e9&quot;","block_context":{"text":"Non class\u00e9","link":"https:\/\/sscvl.fr\/?cat=1"},"img":{"alt_text":"","src":"","width":0,"height":0},"classes":[]},{"id":47146,"url":"https:\/\/sscvl.fr\/?p=47146","url_meta":{"origin":47167,"position":2},"title":"Passage des \u00e9toiles 2024","author":"Maxence Maillot","date":"24 mars 2024","format":false,"excerpt":"Bonjour \u00e0 tous, la prochaine sortie aura lieu\u00a0ce samedi 6 Avril \u00e0 Isola.\u00a0Nous y ferons passer les \u00e9toiles avec l\u2019ESF. Le passage de \u00e9toiles n'est obligatoire : vous pouvez simplement participer \u00e0 la sortie. Les modalit\u00e9s sont les suivantes : Passage des \u00e9toiles avec l\u2019ESF \u00e0 16 euros\u00a0(incluant le passage\u2026","rel":"","context":"Dans &quot;Non class\u00e9&quot;","block_context":{"text":"Non class\u00e9","link":"https:\/\/sscvl.fr\/?cat=1"},"img":{"alt_text":"","src":"","width":0,"height":0},"classes":[]},{"id":46936,"url":"https:\/\/sscvl.fr\/?p=46936","url_meta":{"origin":47167,"position":3},"title":"Journ\u00e9e Parents\/Enfants du samedi 25 Mars 2023","author":"Maxence Maillot","date":"19 mars 2023","format":false,"excerpt":"Bonjour \u00e0 tous, Vous trouverez dans cet article quelques pr\u00e9cisions concernant notre journ\u00e9e\u00a0parents\/enfants\u00a0du 25 Mars 2023. Le lieu :\u00a0la sortie est pr\u00e9vue \u00e0 Auron, o\u00f9 aura lieu la derni\u00e8re comp\u00e9tition de la saison (un g\u00e9ant parall\u00e8le par \u00e9quipes). L'encadrement : L'encadrement des licenci\u00e9s du club sera assur\u00e9 par les moniteurs\u2026","rel":"","context":"Dans &quot;Non class\u00e9&quot;","block_context":{"text":"Non class\u00e9","link":"https:\/\/sscvl.fr\/?cat=1"},"img":{"alt_text":"","src":"","width":0,"height":0},"classes":[]},{"id":46954,"url":"https:\/\/sscvl.fr\/?p=46954","url_meta":{"origin":47167,"position":4},"title":"Passage des \u00e9toiles 2023","author":"Maxence Maillot","date":"26 mars 2023","format":false,"excerpt":"Bonjour \u00e0 tous, la derni\u00e8re sortie de la saison aura lieu ce samedi 1er avril \u00e0 Isola. Nous y ferons passer les \u00e9toiles avec l'ESF. Les modalit\u00e9s sont les suivantes : Passage des \u00e9toiles avec l'ESF \u00e0 16 euros (incluant le passage et la m\u00e9daille remise lors de l'AG). Pr\u00e9voyez\u2026","rel":"","context":"Dans &quot;Non class\u00e9&quot;","block_context":{"text":"Non class\u00e9","link":"https:\/\/sscvl.fr\/?cat=1"},"img":{"alt_text":"","src":"","width":0,"height":0},"classes":[]},{"id":763,"url":"https:\/\/sscvl.fr\/?p=763","url_meta":{"origin":47167,"position":5},"title":"Conditions d&rsquo;acc\u00e8s aux remont\u00e9es m\u00e9caniques : Hiver 2020\/2021","author":"Maxence Maillot","date":"7 f\u00e9vrier 2021","format":false,"excerpt":"Le d\u00e9cret 2020-1519 du 4 d\u00e9cembre 2020 a limit\u00e9 l'acc\u00e8s aux remont\u00e9es m\u00e9caniques \u00e0 certaines cat\u00e9gories de pratiquants, en particulier les professionnels dans l'exercice de leurs activit\u00e9s et les mineurs licenci\u00e9s au sein d'associations sportives affili\u00e9es \u00e0 la F\u00e9d\u00e9ration Fran\u00e7aise de Ski. Pour le SCVL, o\u00f9 l'encadrement est assur\u00e9 par\u2026","rel":"","context":"Dans &quot;Non class\u00e9&quot;","block_context":{"text":"Non class\u00e9","link":"https:\/\/sscvl.fr\/?cat=1"},"img":{"alt_text":"","src":"","width":0,"height":0},"classes":[]}],"_links":{"self":[{"href":"https:\/\/sscvl.fr\/index.php?rest_route=\/wp\/v2\/posts\/47167"}],"collection":[{"href":"https:\/\/sscvl.fr\/index.php?rest_route=\/wp\/v2\/posts"}],"about":[{"href":"https:\/\/sscvl.fr\/index.php?rest_route=\/wp\/v2\/types\/post"}],"author":[{"embeddable":true,"href":"https:\/\/sscvl.fr\/index.php?rest_route=\/wp\/v2\/users\/4"}],"replies":[{"embeddable":true,"href":"https:\/\/sscvl.fr\/index.php?rest_route=%2Fwp%2Fv2%2Fcomments&post=47167"}],"version-history":[{"count":2,"href":"https:\/\/sscvl.fr\/index.php?rest_route=\/wp\/v2\/posts\/47167\/revisions"}],"predecessor-version":[{"id":47176,"href":"https:\/\/sscvl.fr\/index.php?rest_route=\/wp\/v2\/posts\/47167\/revisions\/47176"}],"wp:attachment":[{"href":"https:\/\/sscvl.fr\/index.php?rest_route=%2Fwp%2Fv2%2Fmedia&parent=47167"}],"wp:term":[{"taxonomy":"category","embeddable":true,"href":"https:\/\/sscvl.fr\/index.php?rest_route=%2Fwp%2Fv2%2Fcategories&post=47167"},{"taxonomy":"post_tag","embeddable":true,"href":"https:\/\/sscvl.fr\/index.php?rest_route=%2Fwp%2Fv2%2Ftags&post=47167"}],"curies":[{"name":"wp","href":"https:\/\/api.w.org\/{rel}","templated":true}]}}