{"id":787,"date":"2021-11-13T09:17:31","date_gmt":"2021-11-13T08:17:31","guid":{"rendered":"https:\/\/sscvl.fr\/?p=787"},"modified":"2022-11-05T14:09:04","modified_gmt":"2022-11-05T13:09:04","slug":"certificat-medical-ou-en-sommes-nous","status":"publish","type":"post","link":"https:\/\/sscvl.fr\/?p=787","title":{"rendered":"Certificat M\u00e9dical : o\u00f9 en sommes-nous?"},"content":{"rendered":"\n<p>Mise \u00e0 jour du 05\/11\/2022.<\/p>\n\n\n\n<p class=\"has-text-align-justify\">Voici un r\u00e9sum\u00e9 des derni\u00e8res \u00e9volutions r\u00e8glementaires. Merci de vous rapprocher de nous dans l&rsquo;\u00e9ventualit\u00e9 o\u00f9 vous constateriez une erreur, afin que nous la corrigions au plus vite.<\/p>\n\n\n\n<p class=\"has-text-align-center has-luminous-vivid-orange-color has-text-color has-background has-medium-font-size\" style=\"background-color:#ffeaba\"><span class=\"has-inline-color has-luminous-vivid-orange-color\"><strong><em>Pour les majeurs :<\/em><\/strong><\/span><\/p>\n\n\n\n<p class=\"has-text-align-justify\">La <span class=\"has-inline-color has-black-color\">loi du 26 janvier 2016<\/span> dite de \u00ab modernisation du syst\u00e8me de sant\u00e9 \u00bb et ses d\u00e9crets d&rsquo;application concernent pleinement tous les sportifs et sportives majeurs (18 ans et +). En substance, le ski et le snowboard se sont pas une activit\u00e9 \u00e0 contrainte particuli\u00e8re (article <a href=\"https:\/\/www.legifrance.gouv.fr\/codes\/article_lc\/LEGIARTI000042656303?isSuggest=true\" target=\"_blank\" rel=\"noreferrer noopener\"><span class=\"has-inline-color has-vivid-cyan-blue-color\">L.231-2-3 du code du sport<\/span><\/a> et <a href=\"https:\/\/www.legifrance.gouv.fr\/jorf\/id\/JORFTEXT000033067209#:~:text=dol%2C%20majeurs%20prot%C3%A9g%C3%A9s-,D%C3%A9cret%20n%C2%B0%202016%2D1157%20du%2024%20ao%C3%BBt%202016%20relatif,%C3%A0%20la%20pratique%20du%20sport&amp;text=Publics%20concern%C3%A9s%20%3A%20licenci%C3%A9s%2C%20f%C3%A9d%C3%A9rations%20sportives,participant%20%C3%A0%20des%20comp%C3%A9titions%20sportives.\" target=\"_blank\" rel=\"noreferrer noopener\"><span class=\"has-inline-color has-vivid-cyan-blue-color\">d\u00e9cret no 2016-1157 du 24 ao\u00fbt 2016<\/span><\/a>). Puis en fonction des cas :<\/p>\n\n\n\n<ol><li>Pour le renouvellement <strong><span class=\"has-inline-color has-vivid-green-cyan-color\">sans discontinuit\u00e9<\/span><\/strong> de votre licence pour la saison sportive 2021\/2022 ou l&rsquo;ann\u00e9e civile 2022, <span class=\"has-inline-color has-vivid-red-color\"><strong>le certificat m\u00e9dical n&rsquo;est pas obligatoire<\/strong><\/span> lorsque :<ul><li>vous avez remis un certificat m\u00e9dical l&rsquo;ann\u00e9e derni\u00e8re ou celle ant\u00e9rieure<\/li><li>vous avez r\u00e9pondu \u00ab\u00a0non\u00a0\u00bb \u00e0 tous les \u00e9l\u00e9ments du questionnaire de sant\u00e9 (<a href=\"https:\/\/www.formulaires.service-public.fr\/gf\/cerfa_15699.do\" target=\"_blank\" rel=\"noreferrer noopener\"><span class=\"has-inline-color has-vivid-cyan-blue-color\">Cerfa n\u00b0 15699*01<\/span><\/a>) <strong>que vous devez conserver.<\/strong><\/li><li>vous avez sign\u00e9 <a href=\"https:\/\/www.fsgt.org\/sites\/default\/files\/CM-Majeur.es-Attestation%20FSGT%202021-22.pdf\" target=\"_blank\" rel=\"noreferrer noopener\"><span class=\"has-inline-color has-vivid-cyan-blue-color\">l&rsquo;attestation ci-jointe<\/span><\/a> que vous avez remise au club qui la conservera.<br><\/li><\/ul><\/li><li>Pour le renouvellement sans discontinuit\u00e9 de votre licence pour la saison sportive 2021\/2022 ou l&rsquo;ann\u00e9e civile 2022, <span class=\"has-inline-color has-vivid-red-color\"><strong>le certificat m\u00e9dical est obligatoire<\/strong><\/span>  si vous avez r\u00e9pondu \u00ab OUI \u00bb \u00e0 au moins une rubrique du questionnaire de sant\u00e9 (<a href=\"https:\/\/www.formulaires.service-public.fr\/gf\/cerfa_15699.do\" target=\"_blank\" rel=\"noreferrer noopener\"><span class=\"has-inline-color has-vivid-cyan-blue-color\">Cerfa n\u00b0 15699*01<\/span><\/a>) que vous devez conserver.<br><\/li><li>Si c\u2019est votre 1\u00e8re licence ou si la saison derni\u00e8re vous n\u2019avez pas repris de licence, <span class=\"has-inline-color has-vivid-red-color\"><strong>le certificat m\u00e9dical est obligatoire<\/strong><\/span>.<\/li><\/ol>\n\n\n\n<p class=\"has-text-align-justify\">Lorsque vous devez solliciter un certificat m\u00e9dical aupr\u00e8s d&rsquo;un m\u00e9decin,  ce certificat m\u00e9dical devra <span class=\"has-inline-color has-vivid-green-cyan-color\"><strong>\u00e9tablir explicitement l&rsquo;absence de contre-indication \u00e0 la pratique du-des sports que vous souhaitez pratiquer<\/strong><\/span> avec votre club et dater de moins de six mois par rapport \u00e0 la date de votre demande de licence. <strong>De plus, vous devez obligatoirement remettre le certificat m\u00e9dical \u00e0 votre club qui le conservera.<\/strong><\/p>\n\n\n\n<p class=\"has-text-align-justify\">Par ailleurs, nous vous informons express\u00e9ment que le questionnaire de sant\u00e9 que vous avez renseign\u00e9, vous est strictement personnel. Vous n\u2019avez pas \u00e0 le remettre \u00e0 votre club. Nous vous informons aussi que les r\u00e9ponses apport\u00e9es au questionnaire de sant\u00e9 par vos soins rel\u00e8vent de votre responsabilit\u00e9 exclusive.<\/p>\n\n\n\n<p class=\"has-text-align-center has-luminous-vivid-orange-color has-text-color has-background has-medium-font-size\" style=\"background-color:#ffeaba\"><strong><em>Pour les mineurs :<\/em><\/strong><\/p>\n\n\n\n<p class=\"has-text-align-justify\">Le&nbsp;<a href=\"https:\/\/www.legifrance.gouv.fr\/jorf\/id\/JORFTEXT000043486809#:~:text=dol%2C%20majeurs%20prot%C3%A9g%C3%A9s-,D%C3%A9cret%20n%C2%B0%202021%2D564%20du%207%20mai%202021%20relatif,mineurs%20hors%20disciplines%20%C3%A0%20contraintes\" target=\"_blank\" rel=\"noreferrer noopener\"><span class=\"has-inline-color has-vivid-cyan-blue-color\">D\u00e9cret&nbsp; n\u00b0 2021-564 du 7 mai 2021<\/span><\/a>&nbsp;modifie et compl\u00e8te les articles <a href=\"https:\/\/www.legifrance.gouv.fr\/codes\/id\/LEGIARTI000042656303\/2021-11-13\/?isSuggest=true\" target=\"_blank\" rel=\"noreferrer noopener\"><span class=\"has-inline-color has-vivid-cyan-blue-color\">L. 231-2 et L. 231-3 du Code du sport<\/span><\/a> relatifs au certificat m\u00e9dical. D\u00e9sormais, pour les mineurs, c&rsquo;est ce d\u00e9cret qui r\u00e9glemente les modalit\u00e9s d&rsquo;obtention et de renouvellement d&rsquo;une licence aupr\u00e8s d&rsquo;une f\u00e9d\u00e9ration agr\u00e9\u00e9e, ainsi que les modalit\u00e9s d&rsquo;inscription \u00e0 une comp\u00e9tition sportive organis\u00e9e ou autoris\u00e9e par une f\u00e9d\u00e9ration agr\u00e9\u00e9e, \u00e0 l&rsquo;exception des activit\u00e9s \u00e0 contraintes particuli\u00e8res (<a href=\"https:\/\/www.legifrance.gouv.fr\/codes\/id\/LEGIARTI000042656303\/2021-11-13\/?isSuggest=true\" target=\"_blank\" rel=\"noreferrer noopener\"><span class=\"has-inline-color has-vivid-cyan-blue-color\">cf.&nbsp;article L.231-2-3 du code du sport<\/span><\/a>) dont le ski ne fait pas partie.<\/p>\n\n\n\n<p class=\"has-text-align-justify\"><strong><span class=\"has-inline-color has-vivid-red-color\">Le d\u00e9cret supprime l&rsquo;obligation de pr\u00e9sentation du certificat m\u00e9dical pour les mineurs (moins de 18 ans)<\/span><\/strong> dans les conditions suivantes. <\/p>\n\n\n\n<p class=\"has-text-align-justify\">D\u00e9sormais pour l&rsquo;obtention d&rsquo;une licence sportive, ou pour son renouvellement ou en vue de l&rsquo;inscription \u00e0 une comp\u00e9tition sportive, le sportif et la sportive mineurs et la ou les personnes exer\u00e7ant l&rsquo;autorit\u00e9 parentale doivent au pr\u00e9alable renseigner conjointement un questionnaire de sant\u00e9 que vous trouverez <a href=\"https:\/\/www.formulaires.service-public.fr\/gf\/cerfa_15699.do\" target=\"_blank\" rel=\"noreferrer noopener\"><span class=\"has-inline-color has-vivid-cyan-blue-color\">ici.<\/span><\/a><\/p>\n\n\n\n<ol><li>Si vous et votre enfant avez r\u00e9pondu \u00ab NON \u00bb \u00e0 toutes les rubriques du questionnaire de sant\u00e9, alors vous devez obligatoirement renseigner, signer et remettre au club la seule attestation <a href=\"https:\/\/www.fsgt.org\/sites\/default\/files\/CM-Mineur.es-Attestation%20FSGT%202021-22.pdf\" target=\"_blank\" rel=\"noreferrer noopener\"><span class=\"has-inline-color has-vivid-cyan-blue-color\">ci-jointe<\/span><\/a>.<\/li><li>Si vous et votre enfant avez r\u00e9pondu \u00ab OUI \u00bb \u00e0 au moins une rubrique du <a href=\"https:\/\/www.formulaires.service-public.fr\/gf\/cerfa_15699.do\" target=\"_blank\" rel=\"noreferrer noopener\"><span class=\"has-inline-color has-vivid-cyan-blue-color\">questionnaire de sant\u00e9<\/span><\/a>, <span class=\"has-inline-color has-vivid-red-color\"><strong>alors vous devez solliciter un certificat m\u00e9dical pour votre enfant aupr\u00e8s d&rsquo;un m\u00e9decin<\/strong><\/span>.<ul><li><span class=\"has-inline-color has-vivid-green-cyan-color\"><strong>Ce certificat m\u00e9dical devra \u00e9tablir explicitement l&rsquo;absence de contre-indication \u00e0 la pratique du-des sports que votre enfant souhaite pratiquer<\/strong><\/span> et dater de moins de six (6) mois par rapport \u00e0 la date d\u2019inscription au club.<\/li><li>Puis vous devez obligatoirement remettre le certificat m\u00e9dical au club qui le conservera.<\/li><\/ul><\/li><\/ol>\n\n\n\n<p class=\"has-text-align-justify\">Par ailleurs, nous vous informons express\u00e9ment que le questionnaire de sant\u00e9 que vous et votre enfant avez renseign\u00e9, vous est r\u00e9serv\u00e9. Vous n\u2019avez pas \u00e0 le remettre \u00e0 votre club. Nous vous informons aussi que les r\u00e9ponses apport\u00e9es au questionnaire de sant\u00e9 rel\u00e8vent de votre responsabilit\u00e9 exclusive au titre de votre autorit\u00e9 parentale.<\/p>\n\n\n\n<p class=\"has-text-align-justify\"><\/p>\n","protected":false},"excerpt":{"rendered":"<p>Mise \u00e0 jour du 05\/11\/2022. Voici un r\u00e9sum\u00e9 des derni\u00e8res \u00e9volutions r\u00e8glementaires. Merci de vous rapprocher de nous dans l&rsquo;\u00e9ventualit\u00e9 o\u00f9 vous constateriez une erreur, afin que nous la corrigions au plus vite. Pour les majeurs : La loi du 26 janvier 2016 dite de \u00ab modernisation du syst\u00e8me de sant\u00e9 \u00bb et ses d\u00e9crets &hellip; <\/p>\n<p class=\"link-more\"><a href=\"https:\/\/sscvl.fr\/?p=787\" class=\"more-link\">Continuer la lecture<span class=\"screen-reader-text\"> de &laquo;&nbsp;Certificat M\u00e9dical : o\u00f9 en sommes-nous?&nbsp;&raquo;<\/span><\/a><\/p>\n","protected":false},"author":4,"featured_media":0,"comment_status":"closed","ping_status":"closed","sticky":false,"template":"","format":"standard","meta":{"_exactmetrics_skip_tracking":false,"_exactmetrics_sitenote_active":false,"_exactmetrics_sitenote_note":"","_exactmetrics_sitenote_category":0,"jetpack_post_was_ever_published":false,"_jetpack_newsletter_access":"","footnotes":""},"categories":[1],"tags":[],"aioseo_notices":[],"jetpack_featured_media_url":"","jetpack_sharing_enabled":true,"jetpack_shortlink":"https:\/\/wp.me\/p9mZxG-cH","jetpack_likes_enabled":true,"jetpack-related-posts":[{"id":47383,"url":"https:\/\/sscvl.fr\/?p=47383","url_meta":{"origin":787,"position":0},"title":"Bourse aux skis 2025","author":"Maxence Maillot","date":"11 novembre 2025","format":false,"excerpt":"Le ski-club organise sa traditionnelle bourse aux skis & snowboards le samedi et dimanche 22-23 Novembre \u00e0 l'espace Marcel Jacques du parc des sports de Villeneuve-Loubet. Nous vous attendons nombreux et serons heureux de vous renseigner en vue de la prochaine saison. La bourse est ouverte \u00e0 tous. Le d\u00e9p\u00f4t\u2026","rel":"","context":"Dans &quot;Non class\u00e9&quot;","block_context":{"text":"Non class\u00e9","link":"https:\/\/sscvl.fr\/?cat=1"},"img":{"alt_text":"","src":"https:\/\/i0.wp.com\/sscvl.fr\/wp-content\/uploads\/2025\/11\/Affiche-Bourse_Skis_2025_SSCVL.jpg?resize=350%2C200&ssl=1","width":350,"height":200,"srcset":"https:\/\/i0.wp.com\/sscvl.fr\/wp-content\/uploads\/2025\/11\/Affiche-Bourse_Skis_2025_SSCVL.jpg?resize=350%2C200&ssl=1 1x, https:\/\/i0.wp.com\/sscvl.fr\/wp-content\/uploads\/2025\/11\/Affiche-Bourse_Skis_2025_SSCVL.jpg?resize=525%2C300&ssl=1 1.5x, https:\/\/i0.wp.com\/sscvl.fr\/wp-content\/uploads\/2025\/11\/Affiche-Bourse_Skis_2025_SSCVL.jpg?resize=700%2C400&ssl=1 2x"},"classes":[]},{"id":46954,"url":"https:\/\/sscvl.fr\/?p=46954","url_meta":{"origin":787,"position":1},"title":"Passage des \u00e9toiles 2023","author":"Maxence Maillot","date":"26 mars 2023","format":false,"excerpt":"Bonjour \u00e0 tous, la derni\u00e8re sortie de la saison aura lieu ce samedi 1er avril \u00e0 Isola. Nous y ferons passer les \u00e9toiles avec l'ESF. Les modalit\u00e9s sont les suivantes : Passage des \u00e9toiles avec l'ESF \u00e0 16 euros (incluant le passage et la m\u00e9daille remise lors de l'AG). Pr\u00e9voyez\u2026","rel":"","context":"Dans &quot;Non class\u00e9&quot;","block_context":{"text":"Non class\u00e9","link":"https:\/\/sscvl.fr\/?cat=1"},"img":{"alt_text":"","src":"","width":0,"height":0},"classes":[]},{"id":47146,"url":"https:\/\/sscvl.fr\/?p=47146","url_meta":{"origin":787,"position":2},"title":"Passage des \u00e9toiles 2024","author":"Maxence Maillot","date":"24 mars 2024","format":false,"excerpt":"Bonjour \u00e0 tous, la prochaine sortie aura lieu\u00a0ce samedi 6 Avril \u00e0 Isola.\u00a0Nous y ferons passer les \u00e9toiles avec l\u2019ESF. Le passage de \u00e9toiles n'est obligatoire : vous pouvez simplement participer \u00e0 la sortie. Les modalit\u00e9s sont les suivantes : Passage des \u00e9toiles avec l\u2019ESF \u00e0 16 euros\u00a0(incluant le passage\u2026","rel":"","context":"Dans &quot;Non class\u00e9&quot;","block_context":{"text":"Non class\u00e9","link":"https:\/\/sscvl.fr\/?cat=1"},"img":{"alt_text":"","src":"","width":0,"height":0},"classes":[]},{"id":47167,"url":"https:\/\/sscvl.fr\/?p=47167","url_meta":{"origin":787,"position":3},"title":"Journ\u00e9e Parents\/Enfants du 13 Avril 2024 \u00e0 Isola 2000","author":"Maxence Maillot","date":"7 avril 2024","format":false,"excerpt":"Bonjour \u00e0 tous, Vous trouverez dans cet article quelques pr\u00e9cisions concernant notre journ\u00e9e\u00a0parents\/enfants\u00a0du 13 Avril 2024. Le lieu :\u00a0la sortie est pr\u00e9vue \u00e0 Isola 2000. La restauration : la station ferme dimanche et le restaurateur ne pourra donc pas nous accueillir. Exceptionnellement, pr\u00e9voyez un picnic et un petit sac \u00e0\u2026","rel":"","context":"Dans &quot;Non class\u00e9&quot;","block_context":{"text":"Non class\u00e9","link":"https:\/\/sscvl.fr\/?cat=1"},"img":{"alt_text":"","src":"","width":0,"height":0},"classes":[]},{"id":653,"url":"https:\/\/sscvl.fr\/?p=653","url_meta":{"origin":787,"position":4},"title":"e-Bourse aux Skis 2020","author":"Maxence Maillot","date":"11 novembre 2020","format":false,"excerpt":"En raison du confinement, nous sommes dans l'obligation d'annuler notre traditionnelle bourse aux skis. Cependant, avec notre partenaire INTERSPORT \u00e0 Villeneuve-Loubet, nous vous proposons de vous \u00e9quiper avec du mat\u00e9riel neuf \u00e0 prix r\u00e9duits. Pour ce faire, adressez-nous un e-mail (sscvl06270@gmail.com) avec vos coordonn\u00e9es t\u00e9l\u00e9phoniques et la liste des articles\u2026","rel":"","context":"Dans &quot;Non class\u00e9&quot;","block_context":{"text":"Non class\u00e9","link":"https:\/\/sscvl.fr\/?cat=1"},"img":{"alt_text":"","src":"","width":0,"height":0},"classes":[]},{"id":763,"url":"https:\/\/sscvl.fr\/?p=763","url_meta":{"origin":787,"position":5},"title":"Conditions d&rsquo;acc\u00e8s aux remont\u00e9es m\u00e9caniques : Hiver 2020\/2021","author":"Maxence Maillot","date":"7 f\u00e9vrier 2021","format":false,"excerpt":"Le d\u00e9cret 2020-1519 du 4 d\u00e9cembre 2020 a limit\u00e9 l'acc\u00e8s aux remont\u00e9es m\u00e9caniques \u00e0 certaines cat\u00e9gories de pratiquants, en particulier les professionnels dans l'exercice de leurs activit\u00e9s et les mineurs licenci\u00e9s au sein d'associations sportives affili\u00e9es \u00e0 la F\u00e9d\u00e9ration Fran\u00e7aise de Ski. Pour le SCVL, o\u00f9 l'encadrement est assur\u00e9 par\u2026","rel":"","context":"Dans &quot;Non class\u00e9&quot;","block_context":{"text":"Non class\u00e9","link":"https:\/\/sscvl.fr\/?cat=1"},"img":{"alt_text":"","src":"","width":0,"height":0},"classes":[]}],"_links":{"self":[{"href":"https:\/\/sscvl.fr\/index.php?rest_route=\/wp\/v2\/posts\/787"}],"collection":[{"href":"https:\/\/sscvl.fr\/index.php?rest_route=\/wp\/v2\/posts"}],"about":[{"href":"https:\/\/sscvl.fr\/index.php?rest_route=\/wp\/v2\/types\/post"}],"author":[{"embeddable":true,"href":"https:\/\/sscvl.fr\/index.php?rest_route=\/wp\/v2\/users\/4"}],"replies":[{"embeddable":true,"href":"https:\/\/sscvl.fr\/index.php?rest_route=%2Fwp%2Fv2%2Fcomments&post=787"}],"version-history":[{"count":10,"href":"https:\/\/sscvl.fr\/index.php?rest_route=\/wp\/v2\/posts\/787\/revisions"}],"predecessor-version":[{"id":46072,"href":"https:\/\/sscvl.fr\/index.php?rest_route=\/wp\/v2\/posts\/787\/revisions\/46072"}],"wp:attachment":[{"href":"https:\/\/sscvl.fr\/index.php?rest_route=%2Fwp%2Fv2%2Fmedia&parent=787"}],"wp:term":[{"taxonomy":"category","embeddable":true,"href":"https:\/\/sscvl.fr\/index.php?rest_route=%2Fwp%2Fv2%2Fcategories&post=787"},{"taxonomy":"post_tag","embeddable":true,"href":"https:\/\/sscvl.fr\/index.php?rest_route=%2Fwp%2Fv2%2Ftags&post=787"}],"curies":[{"name":"wp","href":"https:\/\/api.w.org\/{rel}","templated":true}]}}